{"id":105,"date":"2011-10-13T15:17:33","date_gmt":"2011-10-13T19:17:33","guid":{"rendered":"http:\/\/gadsixtoduranballen.gob.ec\/manabi\/?p=105"},"modified":"2016-10-21T13:29:50","modified_gmt":"2016-10-21T17:29:50","slug":"historia","status":"publish","type":"post","link":"https:\/\/gadsixtoduranballen.gob.ec\/manabi\/historia\/","title":{"rendered":"Historia de la Parroquia"},"content":{"rendered":"<p><strong><em>HISTORIA DE CREACCION DE LA PARROQUIA ARQ SIXTO DURAN BALLEN<\/em><\/strong><\/p>\n<p>La parroquia Arq. Sixto Duran Ball\u00e9n del cant\u00f3n 24 de Mayo perteneciente a la Provincia de Manab\u00ed fue creada el 1 de Octubre del a\u00f1o 1997.<\/p>\n<p>Parte de estos datos los hemos tomado del se\u00f1or Fulgencio Castro, poblador de aquellos tiempos, con una edad de 99 a\u00f1os. El coment\u00f3 que cuando ten\u00eda unos 7 a\u00f1os de edad ya exist\u00eda un poblador el se\u00f1or Juan Alvarado, que fue el primer habitante de las Pajitas en aquel entonces, despu\u00e9s de morir su se\u00f1ora esposa, vendi\u00f3 sus tierras al se\u00f1or Alfredo Rend\u00f3n. Se comenta que ellos fueron descendientes de Colime de Balzar, adem\u00e1s mencion\u00f3 el se\u00f1or Castro \u2015en estos territorios han tomado posesi\u00f3n de grandes extensiones de tierras los se\u00f1ores Temistocle L\u00f3pez, Meliton L\u00f3pez\u2016, quienes eran los terratenientes de aquellos tiempos, ellos vinieron de la parte sur de Manab\u00ed, Paj\u00e1n y parte de su generaci\u00f3n fue poblando lo que hoy es Las Pajitas.<\/p>\n<p>Por otra parte el se\u00f1or Liborio Castro tuvo una descendencia que hasta hoy existe; por los a\u00f1os 1911 tuvo que partir a guerrear contra el Gobierno de aquel entonces, siendo convidado por unos se\u00f1ores Villacreses, que pertenec\u00edan a la Revoluci\u00f3n de los Conchas, y ellos unidos con el Movimiento Alfarista emprendieron grandes luchas contra el gobierno, que tambi\u00e9n ten\u00edan sus aliados por todas partes; de esta manera se dieron grandes confrontaciones y una vez capturado a los Alfaristas tambi\u00e9n tomaron prisioneros a sus seguidores, llev\u00e1ndolos al Pan\u00f3ptico en Quito, en donde quedaron sus restos por el a\u00f1o 1912.<\/p>\n<p>Adem\u00e1s de estos habitantes de renombre, hubo otros pobladores tales como los se\u00f1ores Victoriano Cabrera, Antonio Mu\u00f1iz, Antonio Viejo y Genaro Pones.<\/p>\n<p>En el a\u00f1o 1937, \u00e9poca que ten\u00eda buen precio el palo de balsa (conocido en esta zona como la boya), el se\u00f1or Emilio Cevallos un hombre de lucha, se conoce con Alfredo Rend\u00f3n un comerciante dedicado al negocio de boya, quien invit\u00f3 al se\u00f1or Emilio Cevallos procedente de Santa Ana a que venga a visitar a su comunidad, emprendiendo m\u00e1s tarde dicho negocio cuyas extensiones de producci\u00f3n de boya cubr\u00edan las tierras de Francisco L\u00f3pez, descendiente de Temistocle L\u00f3pez, quien conoci\u00f3 a una de sus descendientes Amelia L\u00f3pez, formando as\u00ed una generaci\u00f3n, esto fue por el a\u00f1o 1942.<\/p>\n<p>En este mismo a\u00f1o regres\u00f3 Fulgencio Castro quien hab\u00eda tenido que salir de la comunidad para educar a sus hijos, trayendo consigo a un profesor particular el Se\u00f1or Eladio Constante, cre\u00e1ndose por primera vez aproximadamente en el a\u00f1o 1955 la escuela de este primer profesor, que estaba ubicada en lo que hoy comprende la finca de Armando Guti\u00e9rrez, y as\u00ed siguieron formando otras escuelas m\u00e1s, hasta que lleg\u00f3 el se\u00f1or Bogomil Tr\u00e1mpuz, amigo \u00edntimo de Emilio Cevallos, con el cual lideraron la marcha para gestionar para convertirlo en fiscal la escuela que hoy d\u00eda tiene como nombre \u201521 de Noviembre\u2016.<\/p>\n<p>En esta gesti\u00f3n de la escuela, tambi\u00e9n estuvieron el se\u00f1or Fulgencio Castro, Roberto Rend\u00f3n y los se\u00f1ores antes mencionados, logrando la donaci\u00f3n del terreno para la escuela en el a\u00f1o 1969.<\/p>\n<p>En el a\u00f1o 1975 se empez\u00f3 la construcci\u00f3n de la iglesia, comenz\u00e1ndose a celebrar en la comunidad las fiestas patronales de la Virgen de la Monserrate el \u201521 de Noviembre\u2016, todo esto fue posible gracias a la donaci\u00f3n del terreno que lo hizo el se\u00f1or Antonio DelgadoMoreira; y con la ayuda de los moradores y la gesti\u00f3n oportuna del Se\u00f1or Emilio Cevallos se desarrollaron actividades para recoger dinero a trav\u00e9s de: recolecci\u00f3n de productos agr\u00edcolas, bailes, ramos navide\u00f1os, y un juego que practicaban por medio de la venta de cigarrillos a los interesados de las chicas (las chicas tomaban el cigarrillo en sus labios luego los interesados de ellas lo retiraban de sus labios y a cambio de ello aportaban dinero) y con estas y otras actividades m\u00e1s lograron construir su iglesia.<\/p>\n<p>En lo que respecta al aspecto f\u00edsico, Las Pajitas, hoy cabecera parroquial, era una monta\u00f1a, solo hab\u00edan caminos muy estrechos con muchas plantaciones de paja mocora, de donde se extra\u00eda la paja y por eso toma el nombre \u2015LAS PAJITAS\u2016.<\/p>\n<p>En aquellos tiempos los primeros pobladores se dedicaban a la caza de animales, ya que todo era monta\u00f1a, no ten\u00edan caminos vecinales, los productos se les perd\u00edan porque no exist\u00edan medios de transporte, solo lo hac\u00edan en la \u00e9poca invernal en las balsas de boya llevando sus productos hasta Balzar.<\/p>\n<p>Transcurrido el tiempo se fue incrementando la ganader\u00eda, la que en la actualidad comprende una de las principales fuentes de riqueza y sirve para abastecer el consumo interno.<\/p>\n<p>Por el a\u00f1o 1980 se siente la necesidad de conseguir un Subcentro de Salud, emprendiendo los habitantes la lucha de este proyecto de vital importancia, el se\u00f1or Antonio Delgado Moreira don\u00f3 el terreno para esta obra.<\/p>\n<p>En el a\u00f1o 1994 lleg\u00f3 a nuestra comunidad la ONG Plan Internacional, en este tiempo la Cabecera Parroquial se organiz\u00f3 y empez\u00f3 a so\u00f1ar con la ayuda de esta instituci\u00f3n realizando el Plan Desarrollo de Las Pajitas que ha servido de mucho para gestionar y entre los principales proyectos estaban: el Centro de Salud, el parque, las aulas escolares, la parroquializaci\u00f3n\u2026entre otras actividades m\u00e1s, por lo que se emprendi\u00f3 de nuevo la gesti\u00f3n del Subcentro de Salud por el Comit\u00e9 de enlace presidida por Anyer Cevallos y voluntarios de salud por el a\u00f1o 1995, y como respuesta de la gesti\u00f3n se obtuvo como resultado el diagn\u00f3stico realizado por el Ministerio de Salud P\u00fablica de Manab\u00ed a favor de la comunidad.<\/p>\n<p>Los sue\u00f1os que tuvieron los habitantes este sector fue la de ser parroquia, en la que naci\u00f3 la idea de parroquializar a \u2015Las Pajitas\u2016, pero para que pertenezca al Cant\u00f3n Olmedo, y es ah\u00ed que en el a\u00f1o 1995 la Municipalidad del Cant\u00f3n 24 de Mayo presidida por el Ing. Manuel Ponce Pilay con sus ediles, recogieron opiniones a los principales l\u00edderes de las comunidades, tales como: los se\u00f1ores Pompilio Bravo, Ostacio Borja, Hilario Garc\u00eda y otros. As\u00ed decidieron que Las Pajitas sea elevada a cabecera parroquial, ya que era una zona comercial donde conflu\u00edan muchas comunidades a la compra y venta de sus productos.<\/p>\n<p>Los habitantes de esta comunidad se reunieron y prestaron la debida colaboraci\u00f3n para recoger la documentaci\u00f3n y as\u00ed llevar adelante este gran sue\u00f1o en el que participaron j\u00f3venes y adultos, entre los que participaron: Hilario Garc\u00eda, Pompilio Bravo, Ram\u00f3n Castro, Anyer Cevallos, Maryury S\u00e1nchez, Melva Garc\u00eda y Ot\u00f3n Cevallos.<\/p>\n<p>Ya en el a\u00f1o 1996 el se\u00f1or Galo Cede\u00f1o Barber\u00e1n, Alcalde de la Municipalidad del Cant\u00f3n 24 de Mayo y sus Concejales Dar\u00edo Cede\u00f1o, Washington P\u00e9rez y el Dr. \u00c1lvarez, siguieron la lucha y consiguieron traer una delegaci\u00f3n del Instituto Geogr\u00e1fico Militar, dando esta comisi\u00f3n un informe favorable. Y es as\u00ed que el 1 de Octubre de 1997 sali\u00f3 publicado en registro oficial la creaci\u00f3n de la nueva parroquia, cuyo nombre es Arq. Sixto Dur\u00e1n Ball\u00e9n.<\/p>\n<p>M\u00e1s tarde se unieron parte de las comunidades para elegir a los representantes de una Junta Parroquial provisional nombrando como primer representante al se\u00f1or An\u00edbal Durango luego dejo sus funciones asumiendo el se\u00f1or Euro Cevallos.<\/p>\n<p>Ya en el a\u00f1o 2000 con la reforma constitucional se dio paso para que las Juntas Parroquiales sean elegidas por elecci\u00f3n popular, siendo leg\u00edtimamente un gobierno seccional aut\u00f3nomo, y es as\u00ed que el 21 de Mayo del 2000 sali\u00f3 electa la Sra. Mar\u00eda Genoveva Garc\u00eda Palma quien asumi\u00f3 la presidencia de la Junta Parroquial y sus vocales, Jos\u00e9 Margarito Villamar, Gumersindo Mu\u00f1iz, Eulogio Garc\u00eda y Egar Castro, que fueron posesionados el 10 de Agosto del 2000 y como secretaria tesorera Anyer Cevallos Chancay.<\/p>\n<p>En el a\u00f1o 2003 no pudiendo seguir la se\u00f1orita Genoveva Garc\u00eda por razones de salud renuncia a la presidencia, asumiendo el se\u00f1or Margarito Villamar el 24 de Abril del 2003.<\/p>\n<p>En el a\u00f1o 2005 asume una nueva administraci\u00f3n a la Junta Parroquial presidida por el se\u00f1or Ram\u00f3n Castro y sus vocales se\u00f1ores: Marisol Durango, Jorge Avil\u00e9s, Alba Domiciana Garc\u00eda y Wagner Guerrero, y como Secretaria \u2013 Tesorera la Srta. Anyer Cevallos Chancay.<\/p>\n","protected":false},"excerpt":{"rendered":"<p>HISTORIA DE CREACCION DE LA PARROQUIA ARQ SIXTO DURAN BALLEN La parroquia Arq. Sixto Duran Ball\u00e9n del cant\u00f3n 24 de Mayo perteneciente a la Provincia de Manab\u00ed fue creada el 1 de Octubre del a\u00f1o 1997. Parte de estos datos los hemos tomado del se\u00f1or Fulgencio Castro, poblador de aquellos tiempos, con una edad de [&hellip;]<\/p>\n","protected":false},"author":1,"featured_media":0,"comment_status":"closed","ping_status":"closed","sticky":false,"template":"","format":"standard","meta":{"ocean_post_layout":"","ocean_both_sidebars_style":"","ocean_both_sidebars_content_width":0,"ocean_both_sidebars_sidebars_width":0,"ocean_sidebar":"","ocean_second_sidebar":"","ocean_disable_margins":"enable","ocean_add_body_class":"","ocean_shortcode_before_top_bar":"","ocean_shortcode_after_top_bar":"","ocean_shortcode_before_header":"","ocean_shortcode_after_header":"","ocean_has_shortcode":"","ocean_shortcode_after_title":"","ocean_shortcode_before_footer_widgets":"","ocean_shortcode_after_footer_widgets":"","ocean_shortcode_before_footer_bottom":"","ocean_shortcode_after_footer_bottom":"","ocean_display_top_bar":"default","ocean_display_header":"default","ocean_header_style":"","ocean_center_header_left_menu":"","ocean_custom_header_template":"","ocean_custom_logo":0,"ocean_custom_retina_logo":0,"ocean_custom_logo_max_width":0,"ocean_custom_logo_tablet_max_width":0,"ocean_custom_logo_mobile_max_width":0,"ocean_custom_logo_max_height":0,"ocean_custom_logo_tablet_max_height":0,"ocean_custom_logo_mobile_max_height":0,"ocean_header_custom_menu":"","ocean_menu_typo_font_family":"","ocean_menu_typo_font_subset":"","ocean_menu_typo_font_size":0,"ocean_menu_typo_font_size_tablet":0,"ocean_menu_typo_font_size_mobile":0,"ocean_menu_typo_font_size_unit":"px","ocean_menu_typo_font_weight":"","ocean_menu_typo_font_weight_tablet":"","ocean_menu_typo_font_weight_mobile":"","ocean_menu_typo_transform":"","ocean_menu_typo_transform_tablet":"","ocean_menu_typo_transform_mobile":"","ocean_menu_typo_line_height":0,"ocean_menu_typo_line_height_tablet":0,"ocean_menu_typo_line_height_mobile":0,"ocean_menu_typo_line_height_unit":"","ocean_menu_typo_spacing":0,"ocean_menu_typo_spacing_tablet":0,"ocean_menu_typo_spacing_mobile":0,"ocean_menu_typo_spacing_unit":"","ocean_menu_link_color":"","ocean_menu_link_color_hover":"","ocean_menu_link_color_active":"","ocean_menu_link_background":"","ocean_menu_link_hover_background":"","ocean_menu_link_active_background":"","ocean_menu_social_links_bg":"","ocean_menu_social_hover_links_bg":"","ocean_menu_social_links_color":"","ocean_menu_social_hover_links_color":"","ocean_disable_title":"default","ocean_disable_heading":"default","ocean_post_title":"","ocean_post_subheading":"","ocean_post_title_style":"","ocean_post_title_background_color":"","ocean_post_title_background":0,"ocean_post_title_bg_image_position":"","ocean_post_title_bg_image_attachment":"","ocean_post_title_bg_image_repeat":"","ocean_post_title_bg_image_size":"","ocean_post_title_height":0,"ocean_post_title_bg_overlay":0.5,"ocean_post_title_bg_overlay_color":"","ocean_disable_breadcrumbs":"default","ocean_breadcrumbs_color":"","ocean_breadcrumbs_separator_color":"","ocean_breadcrumbs_links_color":"","ocean_breadcrumbs_links_hover_color":"","ocean_display_footer_widgets":"default","ocean_display_footer_bottom":"default","ocean_custom_footer_template":"","ocean_post_oembed":"","ocean_post_self_hosted_media":"","ocean_post_video_embed":"","ocean_link_format":"","ocean_link_format_target":"self","ocean_quote_format":"","ocean_quote_format_link":"post","ocean_gallery_link_images":"on","ocean_gallery_id":[],"footnotes":""},"categories":[1],"tags":[],"class_list":["post-105","post","type-post","status-publish","format-standard","hentry","category-sin-categoria","entry"],"_links":{"self":[{"href":"https:\/\/gadsixtoduranballen.gob.ec\/manabi\/wp-json\/wp\/v2\/posts\/105","targetHints":{"allow":["GET"]}}],"collection":[{"href":"https:\/\/gadsixtoduranballen.gob.ec\/manabi\/wp-json\/wp\/v2\/posts"}],"about":[{"href":"https:\/\/gadsixtoduranballen.gob.ec\/manabi\/wp-json\/wp\/v2\/types\/post"}],"author":[{"embeddable":true,"href":"https:\/\/gadsixtoduranballen.gob.ec\/manabi\/wp-json\/wp\/v2\/users\/1"}],"replies":[{"embeddable":true,"href":"https:\/\/gadsixtoduranballen.gob.ec\/manabi\/wp-json\/wp\/v2\/comments?post=105"}],"version-history":[{"count":1,"href":"https:\/\/gadsixtoduranballen.gob.ec\/manabi\/wp-json\/wp\/v2\/posts\/105\/revisions"}],"predecessor-version":[{"id":296,"href":"https:\/\/gadsixtoduranballen.gob.ec\/manabi\/wp-json\/wp\/v2\/posts\/105\/revisions\/296"}],"wp:attachment":[{"href":"https:\/\/gadsixtoduranballen.gob.ec\/manabi\/wp-json\/wp\/v2\/media?parent=105"}],"wp:term":[{"taxonomy":"category","embeddable":true,"href":"https:\/\/gadsixtoduranballen.gob.ec\/manabi\/wp-json\/wp\/v2\/categories?post=105"},{"taxonomy":"post_tag","embeddable":true,"href":"https:\/\/gadsixtoduranballen.gob.ec\/manabi\/wp-json\/wp\/v2\/tags?post=105"}],"curies":[{"name":"wp","href":"https:\/\/api.w.org\/{rel}","templated":true}]}}